{"id":9944,"__str__":"Mo\u00e7\u00e3o n\u00ba 25 de 2020","link_detail_backend":"/materia/9944","metadata":{},"numero":25,"ano":2020,"numero_protocolo":null,"data_apresentacao":"2020-08-17","tipo_apresentacao":"","data_publicacao":null,"numero_origem_externa":"","ano_origem_externa":null,"data_origem_externa":null,"apelido":"","dias_prazo":null,"data_fim_prazo":null,"em_tramitacao":false,"polemica":false,"objeto":"","complementar":false,"ementa":"CARLOS ALMEIDA FILHO, VEREADOR COM ASSENTO NESTA CASA DE LEIS, VEM ATRAV\u00c9S DESTA, MANIFESTAR SUA SOLIDARIEDADE E ENCAMINHAR A PRESENTE MO\u00c7\u00c3O DE PESAR PELO FALECIMENTO DO SENHOR ANDR\u00c9 ZANETTI DE ALMEIDA, OCORRIDO NO DIA 15 DE AGOSTO DE 2020. OS GRANDES HOMENS S\u00c3O AQUELES QUE VIVENCIAM O SEU TEMPO, COM INTENSIDADE, FOR\u00c7A INTERIOR E CAPACIDADE PARA CONCRETIZAR OS SEUS SONHOS MAIS NOBRES ANDR\u00c9 ZANETTI DE ALMEIDA ERA ASSIM, UM HOMEM DETERMINADO, PAI MAIS AMOROSO.","indexacao":"","observacao":"","resultado":"","texto_original":"http://sapl.linhares.es.leg.br/media/sapl/public/materialegislativa/2020/9944/doc00285020200914144959.pdf","data_ultima_atualizacao":"2020-09-14T15:22:15.317941-03:00","ip":"187.60.166.130","ultima_edicao":"2020-09-14T15:13:58.617953-03:00","tipo":7,"regime_tramitacao":1,"tipo_origem_externa":null,"local_origem_externa":null,"user":23,"anexadas":[],"autores":[1]}