{"id":981,"__str__":"Requerimento n\u00ba 747 de 2017","link_detail_backend":"/materia/981","metadata":{},"numero":747,"ano":2017,"numero_protocolo":1552,"data_apresentacao":"2017-05-08","tipo_apresentacao":"E","data_publicacao":null,"numero_origem_externa":"","ano_origem_externa":null,"data_origem_externa":null,"apelido":"","dias_prazo":null,"data_fim_prazo":null,"em_tramitacao":false,"polemica":null,"objeto":"","complementar":null,"ementa":"REQUER, AO CHEFE DO PODER EXECUTIVO E SEUS PARES, QUE ATUE JUNTO AO \u00d3RG\u00c3OS COMPETENTES, NO SENTIDO DE PROVIDENCIAR BANHEIROS QU\u00cdMICOS PARA AS FEIRAS COMUNIT\u00c1RIAS REALIZADA NOS BAIRROS DESTE MUNIC\u00cdPIO, SALIENTANDO QUE ESTE PEDIDO SE FAZ PARA ATENDER O AUMENTO DOS CLIENTES E FEIRANTES NESSES LOCAIS. CONFORME J\u00c1 TINHA SIDO SOLICITADO NO REQUERIMENTO DE N\u00ba 2134/2016 EM 10/06/2016 ","indexacao":"","observacao":"","resultado":"","texto_original":"http://sapl.linhares.es.leg.br/media/sapl/public/materialegislativa/2017/981/981_texto_integral.pdf","data_ultima_atualizacao":"2018-09-27T11:32:03.869886-03:00","ip":"","ultima_edicao":null,"tipo":3,"regime_tramitacao":1,"tipo_origem_externa":null,"local_origem_externa":null,"user":null,"anexadas":[],"autores":[3]}