{"id":9758,"__str__":"Requerimento n\u00ba 983 de 2020","link_detail_backend":"/materia/9758","metadata":{},"numero":983,"ano":2020,"numero_protocolo":null,"data_apresentacao":"2020-08-24","tipo_apresentacao":"","data_publicacao":null,"numero_origem_externa":"","ano_origem_externa":null,"data_origem_externa":null,"apelido":"","dias_prazo":null,"data_fim_prazo":null,"em_tramitacao":true,"polemica":null,"objeto":"","complementar":null,"ementa":"REQUERIMENTO N\u00ba 0154/2020 - FRANCISCO TARC\u00cdSIO SILVA, VEREADOR COM ASSENTO NESTA CASA DE LEIS, VEM RESPEITOSAMENTE ATRAV\u00c9S DO PRESENTE REQUERER A VOSSA EXCEL\u00caNCIA, QUE PROMOVA JUNTO \u00c1 SECRETARIA COMPETENTE A : SUBSTITUI\u00c7\u00c3O DE L\u00c2MPADA QUEIMADA NA REDE ILUMINA\u00c7\u00c3O P\u00daBLICA, PR\u00d3XIMO A IGREJA DE SANTA ROSA, NO POSTE DE N\u00ba 60381, NO INTERIOR DESSE MUNIC\u00cdPIO. EST\u00c1 COM A L\u00c2MPADA QUEIMADA, CAUSANDO INSEGURAN\u00c7A AOS MORADORES DO LOCAL.","indexacao":"","observacao":"","resultado":"","texto_original":"http://sapl.linhares.es.leg.br/media/sapl/public/materialegislativa/2020/9758/requerimento0154-2020.pdf","data_ultima_atualizacao":"2020-09-01T15:14:09.887592-03:00","ip":"","ultima_edicao":null,"tipo":3,"regime_tramitacao":1,"tipo_origem_externa":null,"local_origem_externa":null,"user":null,"anexadas":[],"autores":[11]}