{"id":8975,"__str__":"Requerimento n\u00ba 546 de 2020","link_detail_backend":"/materia/8975","metadata":{},"numero":546,"ano":2020,"numero_protocolo":null,"data_apresentacao":"2020-05-27","tipo_apresentacao":"","data_publicacao":null,"numero_origem_externa":"","ano_origem_externa":null,"data_origem_externa":null,"apelido":"","dias_prazo":null,"data_fim_prazo":null,"em_tramitacao":true,"polemica":null,"objeto":"","complementar":null,"ementa":"REQUERIMENTO N\u00ba 0063/2020 - FRANCISCO TARC\u00cdSIO SILVA, VEREADOR COM ASSENTO NESTA CASA DE LEIS, NO USO DE SUAS ATRIBUI\u00c7\u00d5ES LEGAIS, VEM RESPEITOSAMENTE ATRAV\u00c9S DO PRESENTE REQUERER A VOSSA SENHORIA NA FORMA REGIMENTAL DEPOIS DE OUVIDO O PLEN\u00c1RIO E ESTE APROVADO, QUE SEJA ENVIADO OF\u00cdCIO E C\u00d3PIA DESTE REQUERIMENTO AO EXCELENT\u00cdSSIMO PREFEITO MUNICIPAL DE LINHARES E SECRETARIA COMPETENTE, PARA QUE PROVIDENCIE: A REVITALIZA\u00c7\u00c3O E MANUTEN\u00c7\u00c3O DA PLACA DE IDENTIFICA\u00c7\u00c3O DA ESCOLA EMEF ROBERTO MOREIRA, LOCALIZADA NA AVENIDA SANTOS DUMONT, S/N\u00ba, ARA\u00c7\u00c1, NESSE MUNIC\u00cdPIO.","indexacao":"","observacao":"","resultado":"","texto_original":"http://sapl.linhares.es.leg.br/media/sapl/public/materialegislativa/2020/8975/requerimento_0063-2020.pdf","data_ultima_atualizacao":"2020-06-24T16:53:01.528241-03:00","ip":"","ultima_edicao":null,"tipo":3,"regime_tramitacao":1,"tipo_origem_externa":null,"local_origem_externa":null,"user":null,"anexadas":[9358,9555],"autores":[11]}