{"id":827,"__str__":"Requerimento n\u00ba 632 de 2017","link_detail_backend":"/materia/827","metadata":{},"numero":632,"ano":2017,"numero_protocolo":3420,"data_apresentacao":"2017-10-19","tipo_apresentacao":"E","data_publicacao":null,"numero_origem_externa":"","ano_origem_externa":null,"data_origem_externa":null,"apelido":"","dias_prazo":null,"data_fim_prazo":null,"em_tramitacao":false,"polemica":null,"objeto":"","complementar":null,"ementa":"JEAN MENEZES, VEREADOR QUE ESTE SUBSCREVE REQUER, NA FORMA REGIMENTAL E, DEPOIS DE OUVIDO O PLEN\u00c1RIO, QUE SEJA SOLICITADO AO CHEFE DO PODER EXECUTIVO JUNTAMENTE COM A SECRETARIA COMPETENTE A CRIA\u00c7\u00c3O DE UM NOVO CONSELHO TUTELAR, BASEADO NA RESOLU\u00c7\u00c3O 139 DE 2011 DO CONSELHO NACIONAL DOS DIREITOS DA CRIAN\u00c7A E DO ADOLESCENTE (CONANDA), NO QUAL O ESTABELECE UM CONSELHO TUTELAR PARA CADA GRUPO DE 100.000 MIL HABITANTES.","indexacao":"","observacao":"","resultado":"","texto_original":"http://sapl.linhares.es.leg.br/media/sapl/public/materialegislativa/2017/827/827_texto_integral.pdf","data_ultima_atualizacao":"2018-09-27T11:32:00.773028-03:00","ip":"","ultima_edicao":null,"tipo":3,"regime_tramitacao":1,"tipo_origem_externa":null,"local_origem_externa":null,"user":null,"anexadas":[],"autores":[6]}