{"id":7872,"__str__":"Mo\u00e7\u00e3o n\u00ba 38 de 2019","link_detail_backend":"/materia/7872","metadata":{},"numero":38,"ano":2019,"numero_protocolo":null,"data_apresentacao":"2019-12-23","tipo_apresentacao":"","data_publicacao":null,"numero_origem_externa":"","ano_origem_externa":null,"data_origem_externa":null,"apelido":"","dias_prazo":null,"data_fim_prazo":null,"em_tramitacao":true,"polemica":null,"objeto":"","complementar":null,"ementa":"MO\u00c7\u00c3O DE HOMENAGEM - FRANCISCO TARC\u00cdSIO SILVA, VEREADOR COM ASSENTO NESTA CASA DE LEIS, VEM RESPEITOSAMENTE, REQUER QUE, AP\u00d3S OUVIR O DOUTO PLEN\u00c1RIO DESTA CASA DE LEIS, QUE SEJA, POR \"ESTA\" HOMENAGEADA A ENFERMEIRA CYNTIA SODR\u00c9 RIGONI DE LIMA. A ENFERMEIRA MENCIONADA ACIMA, FOI PREMIADA PELO DESEMPENHO DURANTE O ANO CORRENTE. FICANDO EM PRIMEIRO LUGAR EM TR\u00caS CATEGORIAS. CONFORME DOCUMENTO EM ANEXO.","indexacao":"","observacao":"","resultado":"","texto_original":"http://sapl.linhares.es.leg.br/media/sapl/public/materialegislativa/2019/7872/homenagem_enfermeira_cyntia_rigoni.pdf","data_ultima_atualizacao":"2020-02-13T14:24:52.723367-03:00","ip":"","ultima_edicao":null,"tipo":7,"regime_tramitacao":1,"tipo_origem_externa":null,"local_origem_externa":null,"user":null,"anexadas":[],"autores":[11]}