{"id":5808,"__str__":"Of\u00edcio n\u00ba 723 de 2019","link_detail_backend":"/materia/5808","metadata":{},"numero":723,"ano":2019,"numero_protocolo":null,"data_apresentacao":"2019-06-12","tipo_apresentacao":"E","data_publicacao":null,"numero_origem_externa":"","ano_origem_externa":null,"data_origem_externa":null,"apelido":"","dias_prazo":null,"data_fim_prazo":null,"em_tramitacao":false,"polemica":null,"objeto":"","complementar":null,"ementa":"OF\u00cdCIO N\u00ba 0276/2019/SEMAM | CONVIDA V. EX.\u00ba E DEMAIS VEREADORES A PARTICIPAR DA AUDI\u00caNCIA P\u00daBLICA PARA APRESENTA\u00c7\u00c3O DO PLANO DIRETOR DE ARBORIZA\u00c7\u00c3O URBANA E \u00c1REAS VERDES DO MUNIC\u00cdPIO DE LINHARES.","indexacao":"","observacao":"","resultado":"","texto_original":"http://sapl.linhares.es.leg.br/media/sapl/public/materialegislativa/2019/5808/protocolo_2867_2.pdf","data_ultima_atualizacao":"2019-06-18T09:19:56.184271-03:00","ip":"187.60.166.130","ultima_edicao":null,"tipo":9,"regime_tramitacao":1,"tipo_origem_externa":null,"local_origem_externa":null,"user":23,"anexadas":[],"autores":[59]}