{"id":5463,"__str__":"Requerimento n\u00ba 778 de 2019","link_detail_backend":"/materia/5463","metadata":{},"numero":778,"ano":2019,"numero_protocolo":null,"data_apresentacao":"2019-05-21","tipo_apresentacao":"","data_publicacao":null,"numero_origem_externa":"","ano_origem_externa":null,"data_origem_externa":null,"apelido":"","dias_prazo":null,"data_fim_prazo":null,"em_tramitacao":true,"polemica":null,"objeto":"","complementar":null,"ementa":"REQUER QUE PROVIDENCIE EM CAR\u00c1TER DE URG\u00caNCIA A AQUISI\u00c7\u00c3O DE COMPUTADORES PARA O CEIM JOS\u00c9 C\u00c2NDIDO DUR\u00c3O, PARA ATENDER A DEMANDA DOS PROFESSORES E COORDENADORES E TUDO MAIS QUE SE FA\u00c7A NECESS\u00c1RIO.","indexacao":"","observacao":"","resultado":"","texto_original":"http://sapl.linhares.es.leg.br/media/sapl/public/materialegislativa/2019/5463/043.2019_requerimento_aquisicao_de_computadores_Y9Izpw9.pdf","data_ultima_atualizacao":"2019-06-26T14:02:06.951603-03:00","ip":"","ultima_edicao":null,"tipo":3,"regime_tramitacao":1,"tipo_origem_externa":null,"local_origem_externa":null,"user":null,"anexadas":[],"autores":[12]}