{"id":4811,"__str__":"Mo\u00e7\u00e3o n\u00ba 12 de 2019","link_detail_backend":"/materia/4811","metadata":{},"numero":12,"ano":2019,"numero_protocolo":null,"data_apresentacao":"2019-04-01","tipo_apresentacao":"","data_publicacao":null,"numero_origem_externa":"","ano_origem_externa":null,"data_origem_externa":null,"apelido":"","dias_prazo":null,"data_fim_prazo":null,"em_tramitacao":true,"polemica":null,"objeto":"","complementar":null,"ementa":"JEAN VERG\u00cdLIO AC\u00c1CIO DE MENEZES, Vereador com assento nesta Egr\u00e9gia Casa de Leis, v\u00eam atrav\u00e9s desta, ap\u00f3s ouvido o Plen\u00e1rio, manifestar sua solidariedade e encaminhar a presente MO\u00c7\u00c3O DE PESAR, pelo falecimento da Senhora Raimunda Nonata do Vale, aos 94 anos de idade, ocorrido no dia 28 de mar\u00e7o de 2019.","indexacao":"","observacao":"","resultado":"","texto_original":"http://sapl.linhares.es.leg.br/media/sapl/public/materialegislativa/2019/4811/gab-0202441020190401111808.pdf","data_ultima_atualizacao":"2019-04-05T08:51:21.495839-03:00","ip":"","ultima_edicao":null,"tipo":7,"regime_tramitacao":1,"tipo_origem_externa":null,"local_origem_externa":null,"user":null,"anexadas":[],"autores":[6]}