{"id":466,"__str__":"Requerimento n\u00ba 334 de 2017","link_detail_backend":"/materia/466","metadata":{},"numero":334,"ano":2017,"numero_protocolo":383,"data_apresentacao":"2017-02-16","tipo_apresentacao":"E","data_publicacao":null,"numero_origem_externa":"","ano_origem_externa":null,"data_origem_externa":null,"apelido":"","dias_prazo":null,"data_fim_prazo":null,"em_tramitacao":false,"polemica":null,"objeto":"","complementar":null,"ementa":"REQUERIMENTO N\u00ba 002/2017 - FRANCISCO TARC\u00cdSIO SILVA, VEREADOR COM ASSENTO NESTA CASA DE LEIS, VEM RESPEITOSAMENTE REQUERER A VOSSA EXCEL\u00caNCIA, QUE DIGNE EM OFICIAR JUNTO AO CHEFE DO PODER EXECUTIVO DESSE MUNIC\u00cdPIO, SOLICITANDO \u00c0 SECRETARIA COMPETENTE, INFORMA\u00c7\u00c3O DA CONTINUIDADE DE MAIS UM \u00d4NIBUS NO TRANSPORTE ESCOLAR NO CHAPAD\u00c3O DO XV. SENDO O ","indexacao":"","observacao":"","resultado":"","texto_original":"http://sapl.linhares.es.leg.br/media/sapl/public/materialegislativa/2017/466/466_texto_integral.xml","data_ultima_atualizacao":"2018-09-27T11:32:02.722833-03:00","ip":"","ultima_edicao":null,"tipo":3,"regime_tramitacao":1,"tipo_origem_externa":null,"local_origem_externa":null,"user":null,"anexadas":[],"autores":[11]}