{"id":3681,"__str__":"Requerimento n\u00ba 1323 de 2018","link_detail_backend":"/materia/3681","metadata":{},"numero":1323,"ano":2018,"numero_protocolo":null,"data_apresentacao":"2018-12-06","tipo_apresentacao":"","data_publicacao":null,"numero_origem_externa":"","ano_origem_externa":null,"data_origem_externa":null,"apelido":"","dias_prazo":null,"data_fim_prazo":null,"em_tramitacao":true,"polemica":null,"objeto":"","complementar":null,"ementa":"JEAN MENEZES, vereador que este subscreve REQUER, na forma regimental e, depois de ouvido o Plen\u00e1rio, que o Poder Executivo, atrav\u00e9s Secretaria Municipal de Sa\u00fade que realize os procedimentos necess\u00e1rios para a contrata\u00e7\u00e3o de 01 cl\u00ednico geral e 01 m\u00e9dico pediatra para a Unidade de Sa\u00fade \u201cOl\u00edmpio da Silva Gama\u201d em Baixo Quartel.","indexacao":"","observacao":"","resultado":"","texto_original":"http://sapl.linhares.es.leg.br/media/sapl/public/materialegislativa/2018/3681/rq-0184-2018.pdf","data_ultima_atualizacao":"2019-01-28T13:35:44.721062-02:00","ip":"","ultima_edicao":null,"tipo":3,"regime_tramitacao":1,"tipo_origem_externa":null,"local_origem_externa":null,"user":null,"anexadas":[4109],"autores":[6]}