{"id":2931,"__str__":"Requerimento n\u00ba 930 de 2018","link_detail_backend":"/materia/2931","metadata":{},"numero":930,"ano":2018,"numero_protocolo":3575,"data_apresentacao":"2018-09-04","tipo_apresentacao":"E","data_publicacao":null,"numero_origem_externa":"","ano_origem_externa":null,"data_origem_externa":null,"apelido":"","dias_prazo":null,"data_fim_prazo":null,"em_tramitacao":true,"polemica":null,"objeto":"","complementar":null,"ementa":"JEAN MENEZES, VEREADOR QUE ESTE SUBSCREVE REQUER, NA FORMA REGIMENTAL E, DEPOIS DE OUVIDO O PLEN\u00c1RIO, QUE O PODER EXECUTIVO, ATRAV\u00c9S DA SECRETARIA DE OBRAS REALIZE OS PROCEDIMENTOS NECESS\u00c1RIOS PARA QUE SEJAM FEITOS REPAROS E MANUTEN\u00c7\u00c3O NA TAMPA DO BUEIRO PLUVIAL QUE FICA NA RUA AUGUSTO CALMON NO CENTRO EM FRENTE A RICARDO ELETRO.","indexacao":"","observacao":"","resultado":"","texto_original":"http://sapl.linhares.es.leg.br/media/sapl/public/materialegislativa/2018/2931/2931_texto_integral.pdf","data_ultima_atualizacao":"2018-12-14T13:53:06.723469-02:00","ip":"","ultima_edicao":null,"tipo":3,"regime_tramitacao":1,"tipo_origem_externa":null,"local_origem_externa":null,"user":null,"anexadas":[3975],"autores":[6]}