{"id":2604,"__str__":"Requerimento n\u00ba 797 de 2018","link_detail_backend":"/materia/2604","metadata":{},"numero":797,"ano":2018,"numero_protocolo":2977,"data_apresentacao":"2018-08-01","tipo_apresentacao":"E","data_publicacao":null,"numero_origem_externa":"","ano_origem_externa":null,"data_origem_externa":null,"apelido":"","dias_prazo":null,"data_fim_prazo":null,"em_tramitacao":true,"polemica":null,"objeto":"","complementar":null,"ementa":"JEAN MENEZES, VEREADOR QUE ESTE SUBSCREVE REQUER, NA FORMA REGIMENTAL E, DEPOIS DE OUVIDO O PLEN\u00c1RIO, QUE O PODER EXECUTIVO, ATRAV\u00c9S DA SECRETARIA MUNICIPAL DE EDUCA\u00c7\u00c3O, REALIZEM OS PROCEDIMENTOS NECESS\u00c1RIOS PARA A CONFEC\u00c7\u00c3O DE UM CARIMBO EM CAR\u00c1TER DE URG\u00caNCIA PARA A EPM &#8220;FLORENTINO RODRIGUES BATISTA&#8221;, SITUADA NA LOCALIDADE DE PER\u00d3BAS.","indexacao":"","observacao":"","resultado":"","texto_original":"http://sapl.linhares.es.leg.br/media/sapl/public/materialegislativa/2018/2604/2604_texto_integral.pdf","data_ultima_atualizacao":"2018-10-26T13:48:02.885631-03:00","ip":"","ultima_edicao":null,"tipo":3,"regime_tramitacao":1,"tipo_origem_externa":null,"local_origem_externa":null,"user":null,"anexadas":[],"autores":[6]}