{"id":2462,"__str__":"Requerimento n\u00ba 755 de 2018","link_detail_backend":"/materia/2462","metadata":{},"numero":755,"ano":2018,"numero_protocolo":2713,"data_apresentacao":"2018-07-18","tipo_apresentacao":"E","data_publicacao":null,"numero_origem_externa":"","ano_origem_externa":null,"data_origem_externa":null,"apelido":"","dias_prazo":null,"data_fim_prazo":null,"em_tramitacao":true,"polemica":null,"objeto":"","complementar":null,"ementa":"JEAN MENEZES, VEREADOR QUE ESTE SUBSCREVE REQUER, NA FORMA REGIMENTAL E, DEPOIS DE OUVIDO O PLEN\u00c1RIO, QUE O PODER EXECUTIVO, ATRAV\u00c9S DA SECRETARIA DE OBRAS REALIZE OS PROCEDIMENTOS NECESS\u00c1RIOS PARA QUE SEJAM FEITOS REPAROS E MANUTEN\u00c7\u00c3O NA AVENIDA VASCO FERNANDES COUTINHO EM FRENTE AO N\u00b0427 NO BAIRRO INTERLAGOS.\r\n\r\n","indexacao":"","observacao":"","resultado":"","texto_original":"http://sapl.linhares.es.leg.br/media/sapl/public/materialegislativa/2018/2462/2462_texto_integral.pdf","data_ultima_atualizacao":"2018-10-02T14:33:34.263180-03:00","ip":"","ultima_edicao":null,"tipo":3,"regime_tramitacao":1,"tipo_origem_externa":null,"local_origem_externa":null,"user":null,"anexadas":[],"autores":[6]}