{"id":208,"__str__":"Requerimento n\u00ba 120 de 2017","link_detail_backend":"/materia/208","metadata":{},"numero":120,"ano":2017,"numero_protocolo":2835,"data_apresentacao":"2017-08-25","tipo_apresentacao":"E","data_publicacao":null,"numero_origem_externa":"","ano_origem_externa":null,"data_origem_externa":null,"apelido":"","dias_prazo":null,"data_fim_prazo":null,"em_tramitacao":false,"polemica":null,"objeto":"","complementar":null,"ementa":"REQUERIMENTO- CGB-TS/ N\u00ba083/ 2017 - FRANCISCO TARCISIO SILVA, VEREADOR COM ASSENTO NESTA CASA DE LEIS, VEM RESPEITOSAMENTE REQUERER A VOSSA EXCEL\u00caNCIA, QUE DIGNE EM OFICIAR JUNTO AO CHEFE DO PODER EXECUTIVO SOLICITANDO \u00c0 SECRETARIA OU \u00d3RG\u00c3O COMPETENTE, A TROCA DE  L\u00c2MPADAS CONVENCIONAIS (LUZ AMARELA), PELAS DE LED (LUZ BRANCA), O QUE REPRESENTA MODERNIZA\u00c7\u00c3O E EFICI\u00caNCIA ENERG\u00c9TICA E SEGURAN\u00c7A.  &#8220;A CIDADE J\u00c1 CONTA COM QUASE 100% DA \u00c1REA URBANA COM ILUMINA\u00c7\u00c3O P\u00daBLICA, PODENDO AINDA ESTENDER-SE A ZONA RURAL. \r\n","indexacao":"","observacao":"","resultado":"","texto_original":"http://sapl.linhares.es.leg.br/media/sapl/public/materialegislativa/2017/208/208_texto_integral.pdf","data_ultima_atualizacao":"2018-09-27T11:32:01.440882-03:00","ip":"","ultima_edicao":null,"tipo":3,"regime_tramitacao":1,"tipo_origem_externa":null,"local_origem_externa":null,"user":null,"anexadas":[],"autores":[11]}