{"id":1800,"__str__":"Requerimento n\u00ba 350 de 2018","link_detail_backend":"/materia/1800","metadata":{},"numero":350,"ano":2018,"numero_protocolo":1319,"data_apresentacao":"2018-04-24","tipo_apresentacao":"E","data_publicacao":null,"numero_origem_externa":"","ano_origem_externa":null,"data_origem_externa":null,"apelido":"","dias_prazo":null,"data_fim_prazo":null,"em_tramitacao":true,"polemica":null,"objeto":"","complementar":null,"ementa":"REQUERIMENTO- CGB-TS/ N\u00ba 048 / 2018 - FRANCISCO TARC\u00cdSIO SILVA, VEREADOR COM ASSENTO NESTA CASA DE LEIS, VEM RESPEITOSAMENTE REQUERER A VOSSA EXCEL\u00caNCIA, QUE PROMOVA JUNTO \u00c0 SECRETARIA COMPETENTE:\r\nA REVITALIZA\u00c7\u00c3O DAS FAIXAS DE PEDESTRES DAS RUAS E AVENIDAS DO BAIRRO INTERLAGOS. EX: AVENIDA VASCO F. COUTINHO. \r\n","indexacao":"","observacao":"","resultado":"","texto_original":"http://sapl.linhares.es.leg.br/media/sapl/public/materialegislativa/2018/1800/1800_texto_integral.pdf","data_ultima_atualizacao":"2018-09-27T11:32:01.578793-03:00","ip":"","ultima_edicao":null,"tipo":3,"regime_tramitacao":1,"tipo_origem_externa":null,"local_origem_externa":null,"user":null,"anexadas":[],"autores":[11]}