{"id":1585,"__str__":"Requerimento n\u00ba 207 de 2018","link_detail_backend":"/materia/1585","metadata":{},"numero":207,"ano":2018,"numero_protocolo":883,"data_apresentacao":"2018-03-20","tipo_apresentacao":"E","data_publicacao":null,"numero_origem_externa":"","ano_origem_externa":null,"data_origem_externa":null,"apelido":"","dias_prazo":null,"data_fim_prazo":null,"em_tramitacao":true,"polemica":null,"objeto":"","complementar":null,"ementa":"AO CHEFE DO PODER EXECUTIVO E SEUS PARES, QUE ATUE JUNTO AOS \u00d3RG\u00c3OS COMPETENTES PARA QUE SE FA\u00c7A UM ESTUDO PARA  A CONTRATA\u00c7\u00c3O DE UM FARMAC\u00caUTICO EM TEMPO INTEGRAL NA FARM\u00c1CIA B\u00c1SICA DA  UNIDADE DE SA\u00daDE DO DISTRITO DO FARIAS. A MESMA ENCONTRA-SE COM UM PROFISSIONAL APENAS NAS QUARTA-FEIRAS DEIXANDO VAGO TODOS OS OUTROS DIAS.   ","indexacao":"","observacao":"","resultado":"","texto_original":"http://sapl.linhares.es.leg.br/media/sapl/public/materialegislativa/2018/1585/1585_texto_integral.pdf","data_ultima_atualizacao":"2018-09-27T11:32:01.935102-03:00","ip":"","ultima_edicao":null,"tipo":3,"regime_tramitacao":1,"tipo_origem_externa":null,"local_origem_externa":null,"user":null,"anexadas":[],"autores":[3]}