{"id":11559,"__str__":"Indica\u00e7\u00e3o n\u00ba 102 de 2021","link_detail_backend":"/materia/11559","metadata":{},"numero":102,"ano":2021,"numero_protocolo":null,"data_apresentacao":"2021-03-09","tipo_apresentacao":"","data_publicacao":null,"numero_origem_externa":"","ano_origem_externa":null,"data_origem_externa":null,"apelido":"","dias_prazo":null,"data_fim_prazo":null,"em_tramitacao":true,"polemica":false,"objeto":"","complementar":false,"ementa":"REVITALIZA\u00c7\u00c3O DE FAIXA DE PEDESTRES. AVENIDA PRESIDENTE VARGAS. AVENIDA JO\u00c3O FELIPE CALMON. CENTRO.","indexacao":"","observacao":"","resultado":"","texto_original":"http://sapl.linhares.es.leg.br/media/sapl/public/materialegislativa/2021/11559/indicacao_040_-_revitalizacao_de_faixa_de_pedestres_avenida_presidente_vargas._avenida_joao_felipe_calmon.pdf","data_ultima_atualizacao":"2021-03-29T15:28:19.278712-03:00","ip":"","ultima_edicao":null,"tipo":13,"regime_tramitacao":1,"tipo_origem_externa":null,"local_origem_externa":null,"user":null,"anexadas":[],"autores":[97]}