{"id":11120,"__str__":"Indica\u00e7\u00e3o n\u00ba 27 de 2021","link_detail_backend":"/materia/11120","metadata":{},"numero":27,"ano":2021,"numero_protocolo":null,"data_apresentacao":"2021-02-09","tipo_apresentacao":"","data_publicacao":null,"numero_origem_externa":"","ano_origem_externa":null,"data_origem_externa":null,"apelido":"","dias_prazo":null,"data_fim_prazo":null,"em_tramitacao":true,"polemica":false,"objeto":"","complementar":false,"ementa":"INDICA PROFESSORES, DIRETORES E DEMAIS FUNCION\u00c1RIOS QUE TRABALHAM DIRETAMENTE NAS ESCOLAS E DEMAIS INSTITUI\u00c7\u00d5ES DE ENSINO, QUE EST\u00c3O EM ATIVIDADE, PARA SEREM ADICIONADOS AO GRUPO PRIORIT\u00c1RIO DA VACINA\u00c7\u00c3O CONTRA O COVID-19.","indexacao":"","observacao":"","resultado":"","texto_original":"http://sapl.linhares.es.leg.br/media/sapl/public/materialegislativa/2021/11120/doc00451820210209165153.pdf","data_ultima_atualizacao":"2021-03-08T14:42:42.300570-03:00","ip":"","ultima_edicao":null,"tipo":13,"regime_tramitacao":1,"tipo_origem_externa":null,"local_origem_externa":null,"user":null,"anexadas":[11673],"autores":[76]}