{"id":1071,"__str__":"Requerimento n\u00ba 832 de 2017","link_detail_backend":"/materia/1071","metadata":{},"numero":832,"ano":2017,"numero_protocolo":3847,"data_apresentacao":"2017-11-17","tipo_apresentacao":"E","data_publicacao":null,"numero_origem_externa":"","ano_origem_externa":null,"data_origem_externa":null,"apelido":"","dias_prazo":null,"data_fim_prazo":null,"em_tramitacao":false,"polemica":null,"objeto":"","complementar":null,"ementa":"JEAN MENEZES, VEREADOR QUE ESTE SUBSCREVE REQUER, NA FORMA REGIMENTAL E, DEPOIS DE OUVIDO O PLEN\u00c1RIO, QUE O PODER LEGISLATIVO REALIZE OS PROCEDIMENTOS NECESS\u00c1RIOS, AFIM DE CONCEDER TEMPO NECESS\u00c1RIO PELO PRAZO REGIMENTAL, PARA QUE O DEPUTADO ESTADUAL RAFAEL FAVATTO DO PARTIDO ECOL\u00d3GICO NACIONAL (PEN), VENHA FAZER USO DA TRIBUNA LIVRE COM SUA FALA DURANTE A SESS\u00c3O ORDIN\u00c1RIA DO DIA 20 DE NOVEMBRO DE 2017. ","indexacao":"","observacao":"","resultado":"","texto_original":"http://sapl.linhares.es.leg.br/media/sapl/public/materialegislativa/2017/1071/1071_texto_integral.pdf","data_ultima_atualizacao":"2018-09-27T11:32:01.452513-03:00","ip":"","ultima_edicao":null,"tipo":3,"regime_tramitacao":1,"tipo_origem_externa":null,"local_origem_externa":null,"user":null,"anexadas":[],"autores":[6]}