{"id":10517,"__str__":"Requerimento n\u00ba 1351 de 2020","link_detail_backend":"/materia/10517","metadata":{},"numero":1351,"ano":2020,"numero_protocolo":null,"data_apresentacao":"2020-11-20","tipo_apresentacao":"","data_publicacao":null,"numero_origem_externa":"","ano_origem_externa":null,"data_origem_externa":null,"apelido":"","dias_prazo":null,"data_fim_prazo":null,"em_tramitacao":true,"polemica":false,"objeto":"","complementar":false,"ementa":"JEAN MENEZES, VEREADOR QUE ESTE SUBSCREVE REQUER, NA FORMA REGIMENTAL E, DEPOIS DE OUVIDO O PLEN\u00c1RIO, QUE O PODER EXECUTIVO, ATRAV\u00c9S DA SECRETARIA MUNICIPAL DE EDUCA\u00c7\u00c3O, IMPLEMENTE NO ANO LETIVO DE 2021 O CONTRA TURNO ESCOLAR, COM A OFERTA DE ATIVIDADES DE PORTUGU\u00caS, MATEM\u00c1TICA E CI\u00caNCIA COM A INTEN\u00c7\u00c3O DE APRIMORAR O QUE J\u00c1 \u00c9 TRABALHADO PELAS ESCOLAS.","indexacao":"","observacao":"","resultado":"","texto_original":"http://sapl.linhares.es.leg.br/media/sapl/public/materialegislativa/2020/10517/rq031-20.pdf","data_ultima_atualizacao":"2020-12-02T16:10:36.161350-03:00","ip":"","ultima_edicao":null,"tipo":3,"regime_tramitacao":1,"tipo_origem_externa":null,"local_origem_externa":null,"user":null,"anexadas":[],"autores":[6]}